{"id":20002,"date":"2026-01-02T13:00:55","date_gmt":"2026-01-02T18:00:55","guid":{"rendered":"https:\/\/www.frederic-blanchet.com\/le-vesinet-the-matrix-of-a-gaze\/"},"modified":"2026-03-16T09:28:41","modified_gmt":"2026-03-16T13:28:41","slug":"le-vesinet-the-matrix-of-a-gaze","status":"publish","type":"post","link":"https:\/\/www.frederic-blanchet.com\/en\/le-vesinet-the-matrix-of-a-gaze\/","title":{"rendered":"Le V\u00e9sinet: the matrix of a gaze"},"content":{"rendered":"<p data-start=\"230\" data-end=\"841\">There are places we discover, and others that shape us. Le V\u00e9sinet is one of the latter. Before it was a photographic subject, even before it was a town we look at, it was the landscape in which I grew up. An everyday setting, almost commonplace when you live there as a child, but one that silently imprints a way of perceiving space. Here, nothing is revealed all at once. The houses stand at a distance, behind trees, hedges, and fences. Early on, the eye learns to be patient, to look around, to accept that not everything is immediately legible.      <\/p>\n<p data-start=\"230\" data-end=\"841\"><img fetchpriority=\"high\" decoding=\"async\" src=\"https:\/\/www.frederic-blanchet.com\/wp-content\/uploads\/2026\/01\/Le-Vesinet-26-683x1024.jpg\" alt=\"\" width=\"683\" height=\"1024\"><\/p>\n<p data-start=\"843\" data-end=\"1434\">In retrospect, this feeling takes on a more precise meaning. Le V\u00e9sinet is not a town born from an accumulation of buildings, but the result of a project conceived in the 19th century as a garden city, designed notably by Paul de Lavenne, Count of Choulot , for whom the landscape had to precede the architecture. Artificial lakes, rivers, curving avenues, and long, serene vistas compose a continuous framework into which the buildings are inscribed with restraint. Here, nature does not accompany the town; it structures it. It imposes its rhythm, its slowness, its breaths.    <\/p>\n<p data-start=\"843\" data-end=\"1434\"><img decoding=\"async\" src=\"https:\/\/www.frederic-blanchet.com\/wp-content\/uploads\/2026\/01\/Le-Vesinet-18-1024x683.jpg\" alt=\"\" width=\"1024\" height=\"683\"><\/p>\n<p data-start=\"843\" data-end=\"1434\"><img decoding=\"async\" src=\"https:\/\/www.frederic-blanchet.com\/wp-content\/uploads\/2026\/01\/Le-Vesinet-23-683x1024.jpg\" alt=\"\" width=\"683\" height=\"1024\"><\/p>\n<p data-start=\"843\" data-end=\"1434\"><img loading=\"lazy\" decoding=\"async\" src=\"https:\/\/www.frederic-blanchet.com\/wp-content\/uploads\/2026\/01\/Le-Vesinet-21-1024x683.jpg\" alt=\"\" width=\"1024\" height=\"683\"><\/p>\n<p data-start=\"1436\" data-end=\"2115\">The villas that emerge in this setting bear the mark of their era. Late 19th-century bourgeois eclecticism, Anglo-Norman, Neoclassical, or picturesque influences, complex roofs, dormer windows, sculpted chimneys, delicate ironwork. A clear formal richness, but never ostentatious. The houses do not seek to dominate the landscape. They embrace fragmentation, partial concealment, and a dialogue with the trees, the water, and the seasons. Even as a child, without knowing the codes or references, I vaguely perceived that these architectural styles conveyed a different idea of dwelling, based on balance rather than assertion.     <\/p>\n<p data-start=\"1436\" data-end=\"2115\"><img loading=\"lazy\" decoding=\"async\" src=\"https:\/\/www.frederic-blanchet.com\/wp-content\/uploads\/2026\/01\/Le-Vesinet-12-683x1024.jpg\" alt=\"\" width=\"683\" height=\"1024\"><\/p>\n<p data-start=\"2117\" data-end=\"2928\"><img loading=\"lazy\" decoding=\"async\" src=\"https:\/\/www.frederic-blanchet.com\/wp-content\/uploads\/2026\/01\/Le-Vesinet-14-683x1024.jpg\" alt=\"\" width=\"683\" height=\"1024\"><\/p>\n<h6><img loading=\"lazy\" decoding=\"async\" src=\"https:\/\/www.frederic-blanchet.com\/wp-content\/uploads\/2026\/01\/Le-Vesinet-17-683x1024.jpg\" alt=\"\" width=\"683\" height=\"1024\"> Josephine Baker&#8217;s house<\/h6>\n<p>Growing up here means learning, almost without realizing it, that space is traversed as much as it is observed, that the journey often matters more than the destination, and that some things only reveal themselves with time. In Le V\u00e9sinet, nothing is immediately apparent: lines appear in fragments, the water interrupts perspectives and slows the gaze. It is probably in this way of inhabiting space that my interest in architecture and inhabited places took root. Photographing this town today is not a nostalgic gesture; it is rather a return to the foundations, to the precise place where my gaze was formed, slowly. I am not trying to show, but to allow things to appear, accepting what is hidden, what resists, what requires patience.<\/p>\n<p data-start=\"2930\" data-end=\"3510\">This place taught me that true architecture doesn&#8217;t need to assert itself to exist, that it finds its strength in its ability to humbly integrate itself into what transcends it: a landscape, a light, a season. Our perception develops in the same way, through successive layers, repetition, and familiarity. Le V\u00e9sinet remains for me a discreet landmark, a silent compass, both an inner territory and a real landscape. To photograph this town is to recognize that the alignment between a gaze and a place cannot be decreed; it reveals itself, often much later.<\/p>\n<p data-start=\"2930\" data-end=\"3510\"><img loading=\"lazy\" decoding=\"async\" src=\"https:\/\/www.frederic-blanchet.com\/wp-content\/uploads\/2026\/01\/Le-Vesinet-16-1024x683.jpg\" alt=\"\" width=\"1024\" height=\"683\"><\/p>\n","protected":false},"excerpt":{"rendered":"<p>There are places we discover, and others that shape us. Le V\u00e9sinet is one of the latter. Before it was [&hellip;]<\/p>\n","protected":false},"author":1,"featured_media":20001,"comment_status":"open","ping_status":"open","sticky":false,"template":"","format":"standard","meta":{"inline_featured_image":false,"site-sidebar-layout":"default","site-content-layout":"","ast-site-content-layout":"default","site-content-style":"default","site-sidebar-style":"default","ast-global-header-display":"","ast-banner-title-visibility":"","ast-main-header-display":"","ast-hfb-above-header-display":"","ast-hfb-below-header-display":"","ast-hfb-mobile-header-display":"","site-post-title":"","ast-breadcrumbs-content":"","ast-featured-img":"","footer-sml-layout":"","ast-disable-related-posts":"","theme-transparent-header-meta":"","adv-header-id-meta":"","stick-header-meta":"","header-above-stick-meta":"","header-main-stick-meta":"","header-below-stick-meta":"","astra-migrate-meta-layouts":"default","ast-page-background-enabled":"default","ast-page-background-meta":{"desktop":{"background-color":"var(--ast-global-color-5)","background-image":"","background-repeat":"repeat","background-position":"center center","background-size":"auto","background-attachment":"scroll","background-type":"","background-media":"","overlay-type":"","overlay-color":"","overlay-opacity":"","overlay-gradient":""},"tablet":{"background-color":"","background-image":"","background-repeat":"repeat","background-position":"center center","background-size":"auto","background-attachment":"scroll","background-type":"","background-media":"","overlay-type":"","overlay-color":"","overlay-opacity":"","overlay-gradient":""},"mobile":{"background-color":"","background-image":"","background-repeat":"repeat","background-position":"center center","background-size":"auto","background-attachment":"scroll","background-type":"","background-media":"","overlay-type":"","overlay-color":"","overlay-opacity":"","overlay-gradient":""}},"ast-content-background-meta":{"desktop":{"background-color":"var(--ast-global-color-4)","background-image":"","background-repeat":"repeat","background-position":"center center","background-size":"auto","background-attachment":"scroll","background-type":"","background-media":"","overlay-type":"","overlay-color":"","overlay-opacity":"","overlay-gradient":""},"tablet":{"background-color":"var(--ast-global-color-4)","background-image":"","background-repeat":"repeat","background-position":"center center","background-size":"auto","background-attachment":"scroll","background-type":"","background-media":"","overlay-type":"","overlay-color":"","overlay-opacity":"","overlay-gradient":""},"mobile":{"background-color":"var(--ast-global-color-4)","background-image":"","background-repeat":"repeat","background-position":"center center","background-size":"auto","background-attachment":"scroll","background-type":"","background-media":"","overlay-type":"","overlay-color":"","overlay-opacity":"","overlay-gradient":""}},"footnotes":""},"categories":[376,377],"tags":[378,381,380,379],"class_list":["post-20002","post","type-post","status-publish","format-standard","has-post-thumbnail","hentry","category-architecture","category-unclassified","tag-architecture","tag-france","tag-heritage","tag-history"],"yoast_head":"<!-- This site is optimized with the Yoast SEO Premium plugin v27.2 (Yoast SEO v27.2) - https:\/\/yoast.com\/product\/yoast-seo-premium-wordpress\/ -->\n<title>Le V\u00e9sinet: the matrix of a gaze - Fr\u00e9d\u00e9ric Blanchet Photographe<\/title>\n<meta name=\"robots\" content=\"index, follow, max-snippet:-1, max-image-preview:large, max-video-preview:-1\" \/>\n<link rel=\"canonical\" href=\"https:\/\/www.frederic-blanchet.com\/en\/le-vesinet-the-matrix-of-a-gaze\/\" \/>\n<meta property=\"og:locale\" content=\"en_US\" \/>\n<meta property=\"og:type\" content=\"article\" \/>\n<meta property=\"og:title\" content=\"Le V\u00e9sinet: the matrix of a gaze\" \/>\n<meta property=\"og:description\" content=\"There are places we discover, and others that shape us. Le V\u00e9sinet is one of the latter. Before it was [&hellip;]\" \/>\n<meta property=\"og:url\" content=\"https:\/\/www.frederic-blanchet.com\/en\/le-vesinet-the-matrix-of-a-gaze\/\" \/>\n<meta property=\"og:site_name\" content=\"Fr\u00e9d\u00e9ric Blanchet Photographe\" \/>\n<meta property=\"article:publisher\" content=\"https:\/\/www.facebook.com\/Fredblanchetphotographe\" \/>\n<meta property=\"article:published_time\" content=\"2026-01-02T18:00:55+00:00\" \/>\n<meta property=\"article:modified_time\" content=\"2026-03-16T13:28:41+00:00\" \/>\n<meta property=\"og:image\" content=\"https:\/\/www.frederic-blanchet.com\/wp-content\/uploads\/2026\/01\/Le-Vesinet-8.jpg\" \/>\n\t<meta property=\"og:image:width\" content=\"1757\" \/>\n\t<meta property=\"og:image:height\" content=\"1920\" \/>\n\t<meta property=\"og:image:type\" content=\"image\/jpeg\" \/>\n<meta name=\"author\" content=\"FB\" \/>\n<meta name=\"twitter:label1\" content=\"Written by\" \/>\n\t<meta name=\"twitter:data1\" content=\"FB\" \/>\n\t<meta name=\"twitter:label2\" content=\"Est. reading time\" \/>\n\t<meta name=\"twitter:data2\" content=\"3 minutes\" \/>\n<script type=\"application\/ld+json\" class=\"yoast-schema-graph\">{\"@context\":\"https:\/\/schema.org\",\"@graph\":[{\"@type\":\"Article\",\"@id\":\"https:\/\/www.frederic-blanchet.com\/en\/le-vesinet-the-matrix-of-a-gaze\/#article\",\"isPartOf\":{\"@id\":\"https:\/\/www.frederic-blanchet.com\/en\/le-vesinet-the-matrix-of-a-gaze\/\"},\"author\":{\"name\":\"FB\",\"@id\":\"https:\/\/www.frederic-blanchet.com\/en\/#\/schema\/person\/9f10ee840280516f444ec9d0d98b3fbe\"},\"headline\":\"Le V\u00e9sinet: the matrix of a gaze\",\"datePublished\":\"2026-01-02T18:00:55+00:00\",\"dateModified\":\"2026-03-16T13:28:41+00:00\",\"mainEntityOfPage\":{\"@id\":\"https:\/\/www.frederic-blanchet.com\/en\/le-vesinet-the-matrix-of-a-gaze\/\"},\"wordCount\":524,\"commentCount\":0,\"publisher\":{\"@id\":\"https:\/\/www.frederic-blanchet.com\/en\/#organization\"},\"image\":{\"@id\":\"https:\/\/www.frederic-blanchet.com\/en\/le-vesinet-the-matrix-of-a-gaze\/#primaryimage\"},\"thumbnailUrl\":\"https:\/\/www.frederic-blanchet.com\/wp-content\/uploads\/2026\/01\/Le-Vesinet-8.jpg\",\"keywords\":[\"architecture\",\"France\",\"heritage\",\"History\"],\"articleSection\":[\"Architecture\",\"Unclassified\"],\"inLanguage\":\"en-US\",\"potentialAction\":[{\"@type\":\"CommentAction\",\"name\":\"Comment\",\"target\":[\"https:\/\/www.frederic-blanchet.com\/en\/le-vesinet-the-matrix-of-a-gaze\/#respond\"]}]},{\"@type\":\"WebPage\",\"@id\":\"https:\/\/www.frederic-blanchet.com\/en\/le-vesinet-the-matrix-of-a-gaze\/\",\"url\":\"https:\/\/www.frederic-blanchet.com\/en\/le-vesinet-the-matrix-of-a-gaze\/\",\"name\":\"Le V\u00e9sinet: the matrix of a gaze - Fr\u00e9d\u00e9ric Blanchet Photographe\",\"isPartOf\":{\"@id\":\"https:\/\/www.frederic-blanchet.com\/en\/#website\"},\"primaryImageOfPage\":{\"@id\":\"https:\/\/www.frederic-blanchet.com\/en\/le-vesinet-the-matrix-of-a-gaze\/#primaryimage\"},\"image\":{\"@id\":\"https:\/\/www.frederic-blanchet.com\/en\/le-vesinet-the-matrix-of-a-gaze\/#primaryimage\"},\"thumbnailUrl\":\"https:\/\/www.frederic-blanchet.com\/wp-content\/uploads\/2026\/01\/Le-Vesinet-8.jpg\",\"datePublished\":\"2026-01-02T18:00:55+00:00\",\"dateModified\":\"2026-03-16T13:28:41+00:00\",\"breadcrumb\":{\"@id\":\"https:\/\/www.frederic-blanchet.com\/en\/le-vesinet-the-matrix-of-a-gaze\/#breadcrumb\"},\"inLanguage\":\"en-US\",\"potentialAction\":[{\"@type\":\"ReadAction\",\"target\":[\"https:\/\/www.frederic-blanchet.com\/en\/le-vesinet-the-matrix-of-a-gaze\/\"]}]},{\"@type\":\"ImageObject\",\"inLanguage\":\"en-US\",\"@id\":\"https:\/\/www.frederic-blanchet.com\/en\/le-vesinet-the-matrix-of-a-gaze\/#primaryimage\",\"url\":\"https:\/\/www.frederic-blanchet.com\/wp-content\/uploads\/2026\/01\/Le-Vesinet-8.jpg\",\"contentUrl\":\"https:\/\/www.frederic-blanchet.com\/wp-content\/uploads\/2026\/01\/Le-Vesinet-8.jpg\",\"width\":1757,\"height\":1920},{\"@type\":\"BreadcrumbList\",\"@id\":\"https:\/\/www.frederic-blanchet.com\/en\/le-vesinet-the-matrix-of-a-gaze\/#breadcrumb\",\"itemListElement\":[{\"@type\":\"ListItem\",\"position\":1,\"name\":\"Accueil\",\"item\":\"https:\/\/www.frederic-blanchet.com\/en\/\"},{\"@type\":\"ListItem\",\"position\":2,\"name\":\"Le V\u00e9sinet: the matrix of a gaze\"}]},{\"@type\":\"WebSite\",\"@id\":\"https:\/\/www.frederic-blanchet.com\/en\/#website\",\"url\":\"https:\/\/www.frederic-blanchet.com\/en\/\",\"name\":\"Fr\u00e9d\u00e9ric Blanchet Photographe\",\"description\":\"Photographie d&#039;architecture et de design int\u00e9rieur\",\"publisher\":{\"@id\":\"https:\/\/www.frederic-blanchet.com\/en\/#organization\"},\"potentialAction\":[{\"@type\":\"SearchAction\",\"target\":{\"@type\":\"EntryPoint\",\"urlTemplate\":\"https:\/\/www.frederic-blanchet.com\/en\/?s={search_term_string}\"},\"query-input\":{\"@type\":\"PropertyValueSpecification\",\"valueRequired\":true,\"valueName\":\"search_term_string\"}}],\"inLanguage\":\"en-US\"},{\"@type\":\"Organization\",\"@id\":\"https:\/\/www.frederic-blanchet.com\/en\/#organization\",\"name\":\"Frederic Blanchet Photographe d'architecture et de design d'int\u00e9rieur\",\"url\":\"https:\/\/www.frederic-blanchet.com\/en\/\",\"logo\":{\"@type\":\"ImageObject\",\"inLanguage\":\"en-US\",\"@id\":\"https:\/\/www.frederic-blanchet.com\/en\/#\/schema\/logo\/image\/\",\"url\":\"https:\/\/www.frederic-blanchet.com\/wp-content\/uploads\/2023\/03\/logo-frederic-blanchet-noir.svg\",\"contentUrl\":\"https:\/\/www.frederic-blanchet.com\/wp-content\/uploads\/2023\/03\/logo-frederic-blanchet-noir.svg\",\"width\":212,\"height\":16,\"caption\":\"Frederic Blanchet Photographe d'architecture et de design d'int\u00e9rieur\"},\"image\":{\"@id\":\"https:\/\/www.frederic-blanchet.com\/en\/#\/schema\/logo\/image\/\"},\"sameAs\":[\"https:\/\/www.facebook.com\/Fredblanchetphotographe\",\"https:\/\/www.instagram.com\/fblanchetphotos\/\",\"https:\/\/www.linkedin.com\/in\/fblanchetqc\/\"]},{\"@type\":\"Person\",\"@id\":\"https:\/\/www.frederic-blanchet.com\/en\/#\/schema\/person\/9f10ee840280516f444ec9d0d98b3fbe\",\"name\":\"FB\",\"image\":{\"@type\":\"ImageObject\",\"inLanguage\":\"en-US\",\"@id\":\"https:\/\/secure.gravatar.com\/avatar\/eacdfc2f2587754ee1443270647cd9b25d90f491830ff5b4fa5da4b8b060d265?s=96&d=mm&r=g\",\"url\":\"https:\/\/secure.gravatar.com\/avatar\/eacdfc2f2587754ee1443270647cd9b25d90f491830ff5b4fa5da4b8b060d265?s=96&d=mm&r=g\",\"contentUrl\":\"https:\/\/secure.gravatar.com\/avatar\/eacdfc2f2587754ee1443270647cd9b25d90f491830ff5b4fa5da4b8b060d265?s=96&d=mm&r=g\",\"caption\":\"FB\"},\"url\":\"https:\/\/www.frederic-blanchet.com\/en\/author\/fb\/\"}]}<\/script>\n<!-- \/ Yoast SEO Premium plugin. -->","yoast_head_json":{"title":"Le V\u00e9sinet: the matrix of a gaze - Fr\u00e9d\u00e9ric Blanchet Photographe","robots":{"index":"index","follow":"follow","max-snippet":"max-snippet:-1","max-image-preview":"max-image-preview:large","max-video-preview":"max-video-preview:-1"},"canonical":"https:\/\/www.frederic-blanchet.com\/en\/le-vesinet-the-matrix-of-a-gaze\/","og_locale":"en_US","og_type":"article","og_title":"Le V\u00e9sinet: the matrix of a gaze","og_description":"There are places we discover, and others that shape us. Le V\u00e9sinet is one of the latter. Before it was [&hellip;]","og_url":"https:\/\/www.frederic-blanchet.com\/en\/le-vesinet-the-matrix-of-a-gaze\/","og_site_name":"Fr\u00e9d\u00e9ric Blanchet Photographe","article_publisher":"https:\/\/www.facebook.com\/Fredblanchetphotographe","article_published_time":"2026-01-02T18:00:55+00:00","article_modified_time":"2026-03-16T13:28:41+00:00","og_image":[{"width":1757,"height":1920,"url":"https:\/\/www.frederic-blanchet.com\/wp-content\/uploads\/2026\/01\/Le-Vesinet-8.jpg","type":"image\/jpeg"}],"author":"FB","twitter_misc":{"Written by":"FB","Est. reading time":"3 minutes"},"schema":{"@context":"https:\/\/schema.org","@graph":[{"@type":"Article","@id":"https:\/\/www.frederic-blanchet.com\/en\/le-vesinet-the-matrix-of-a-gaze\/#article","isPartOf":{"@id":"https:\/\/www.frederic-blanchet.com\/en\/le-vesinet-the-matrix-of-a-gaze\/"},"author":{"name":"FB","@id":"https:\/\/www.frederic-blanchet.com\/en\/#\/schema\/person\/9f10ee840280516f444ec9d0d98b3fbe"},"headline":"Le V\u00e9sinet: the matrix of a gaze","datePublished":"2026-01-02T18:00:55+00:00","dateModified":"2026-03-16T13:28:41+00:00","mainEntityOfPage":{"@id":"https:\/\/www.frederic-blanchet.com\/en\/le-vesinet-the-matrix-of-a-gaze\/"},"wordCount":524,"commentCount":0,"publisher":{"@id":"https:\/\/www.frederic-blanchet.com\/en\/#organization"},"image":{"@id":"https:\/\/www.frederic-blanchet.com\/en\/le-vesinet-the-matrix-of-a-gaze\/#primaryimage"},"thumbnailUrl":"https:\/\/www.frederic-blanchet.com\/wp-content\/uploads\/2026\/01\/Le-Vesinet-8.jpg","keywords":["architecture","France","heritage","History"],"articleSection":["Architecture","Unclassified"],"inLanguage":"en-US","potentialAction":[{"@type":"CommentAction","name":"Comment","target":["https:\/\/www.frederic-blanchet.com\/en\/le-vesinet-the-matrix-of-a-gaze\/#respond"]}]},{"@type":"WebPage","@id":"https:\/\/www.frederic-blanchet.com\/en\/le-vesinet-the-matrix-of-a-gaze\/","url":"https:\/\/www.frederic-blanchet.com\/en\/le-vesinet-the-matrix-of-a-gaze\/","name":"Le V\u00e9sinet: the matrix of a gaze - Fr\u00e9d\u00e9ric Blanchet Photographe","isPartOf":{"@id":"https:\/\/www.frederic-blanchet.com\/en\/#website"},"primaryImageOfPage":{"@id":"https:\/\/www.frederic-blanchet.com\/en\/le-vesinet-the-matrix-of-a-gaze\/#primaryimage"},"image":{"@id":"https:\/\/www.frederic-blanchet.com\/en\/le-vesinet-the-matrix-of-a-gaze\/#primaryimage"},"thumbnailUrl":"https:\/\/www.frederic-blanchet.com\/wp-content\/uploads\/2026\/01\/Le-Vesinet-8.jpg","datePublished":"2026-01-02T18:00:55+00:00","dateModified":"2026-03-16T13:28:41+00:00","breadcrumb":{"@id":"https:\/\/www.frederic-blanchet.com\/en\/le-vesinet-the-matrix-of-a-gaze\/#breadcrumb"},"inLanguage":"en-US","potentialAction":[{"@type":"ReadAction","target":["https:\/\/www.frederic-blanchet.com\/en\/le-vesinet-the-matrix-of-a-gaze\/"]}]},{"@type":"ImageObject","inLanguage":"en-US","@id":"https:\/\/www.frederic-blanchet.com\/en\/le-vesinet-the-matrix-of-a-gaze\/#primaryimage","url":"https:\/\/www.frederic-blanchet.com\/wp-content\/uploads\/2026\/01\/Le-Vesinet-8.jpg","contentUrl":"https:\/\/www.frederic-blanchet.com\/wp-content\/uploads\/2026\/01\/Le-Vesinet-8.jpg","width":1757,"height":1920},{"@type":"BreadcrumbList","@id":"https:\/\/www.frederic-blanchet.com\/en\/le-vesinet-the-matrix-of-a-gaze\/#breadcrumb","itemListElement":[{"@type":"ListItem","position":1,"name":"Accueil","item":"https:\/\/www.frederic-blanchet.com\/en\/"},{"@type":"ListItem","position":2,"name":"Le V\u00e9sinet: the matrix of a gaze"}]},{"@type":"WebSite","@id":"https:\/\/www.frederic-blanchet.com\/en\/#website","url":"https:\/\/www.frederic-blanchet.com\/en\/","name":"Fr\u00e9d\u00e9ric Blanchet Photographe","description":"Photographie d&#039;architecture et de design int\u00e9rieur","publisher":{"@id":"https:\/\/www.frederic-blanchet.com\/en\/#organization"},"potentialAction":[{"@type":"SearchAction","target":{"@type":"EntryPoint","urlTemplate":"https:\/\/www.frederic-blanchet.com\/en\/?s={search_term_string}"},"query-input":{"@type":"PropertyValueSpecification","valueRequired":true,"valueName":"search_term_string"}}],"inLanguage":"en-US"},{"@type":"Organization","@id":"https:\/\/www.frederic-blanchet.com\/en\/#organization","name":"Frederic Blanchet Photographe d'architecture et de design d'int\u00e9rieur","url":"https:\/\/www.frederic-blanchet.com\/en\/","logo":{"@type":"ImageObject","inLanguage":"en-US","@id":"https:\/\/www.frederic-blanchet.com\/en\/#\/schema\/logo\/image\/","url":"https:\/\/www.frederic-blanchet.com\/wp-content\/uploads\/2023\/03\/logo-frederic-blanchet-noir.svg","contentUrl":"https:\/\/www.frederic-blanchet.com\/wp-content\/uploads\/2023\/03\/logo-frederic-blanchet-noir.svg","width":212,"height":16,"caption":"Frederic Blanchet Photographe d'architecture et de design d'int\u00e9rieur"},"image":{"@id":"https:\/\/www.frederic-blanchet.com\/en\/#\/schema\/logo\/image\/"},"sameAs":["https:\/\/www.facebook.com\/Fredblanchetphotographe","https:\/\/www.instagram.com\/fblanchetphotos\/","https:\/\/www.linkedin.com\/in\/fblanchetqc\/"]},{"@type":"Person","@id":"https:\/\/www.frederic-blanchet.com\/en\/#\/schema\/person\/9f10ee840280516f444ec9d0d98b3fbe","name":"FB","image":{"@type":"ImageObject","inLanguage":"en-US","@id":"https:\/\/secure.gravatar.com\/avatar\/eacdfc2f2587754ee1443270647cd9b25d90f491830ff5b4fa5da4b8b060d265?s=96&d=mm&r=g","url":"https:\/\/secure.gravatar.com\/avatar\/eacdfc2f2587754ee1443270647cd9b25d90f491830ff5b4fa5da4b8b060d265?s=96&d=mm&r=g","contentUrl":"https:\/\/secure.gravatar.com\/avatar\/eacdfc2f2587754ee1443270647cd9b25d90f491830ff5b4fa5da4b8b060d265?s=96&d=mm&r=g","caption":"FB"},"url":"https:\/\/www.frederic-blanchet.com\/en\/author\/fb\/"}]}},"_links":{"self":[{"href":"https:\/\/www.frederic-blanchet.com\/en\/wp-json\/wp\/v2\/posts\/20002","targetHints":{"allow":["GET"]}}],"collection":[{"href":"https:\/\/www.frederic-blanchet.com\/en\/wp-json\/wp\/v2\/posts"}],"about":[{"href":"https:\/\/www.frederic-blanchet.com\/en\/wp-json\/wp\/v2\/types\/post"}],"author":[{"embeddable":true,"href":"https:\/\/www.frederic-blanchet.com\/en\/wp-json\/wp\/v2\/users\/1"}],"replies":[{"embeddable":true,"href":"https:\/\/www.frederic-blanchet.com\/en\/wp-json\/wp\/v2\/comments?post=20002"}],"version-history":[{"count":1,"href":"https:\/\/www.frederic-blanchet.com\/en\/wp-json\/wp\/v2\/posts\/20002\/revisions"}],"predecessor-version":[{"id":20055,"href":"https:\/\/www.frederic-blanchet.com\/en\/wp-json\/wp\/v2\/posts\/20002\/revisions\/20055"}],"wp:featuredmedia":[{"embeddable":true,"href":"https:\/\/www.frederic-blanchet.com\/en\/wp-json\/wp\/v2\/media\/20001"}],"wp:attachment":[{"href":"https:\/\/www.frederic-blanchet.com\/en\/wp-json\/wp\/v2\/media?parent=20002"}],"wp:term":[{"taxonomy":"category","embeddable":true,"href":"https:\/\/www.frederic-blanchet.com\/en\/wp-json\/wp\/v2\/categories?post=20002"},{"taxonomy":"post_tag","embeddable":true,"href":"https:\/\/www.frederic-blanchet.com\/en\/wp-json\/wp\/v2\/tags?post=20002"}],"curies":[{"name":"wp","href":"https:\/\/api.w.org\/{rel}","templated":true}]}}